{"id":945,"date":"2026-08-30T08:57:42","date_gmt":"2026-08-30T06:57:42","guid":{"rendered":"https:\/\/histoiredebrique.fr\/?p=945"},"modified":"2026-08-30T08:57:42","modified_gmt":"2026-08-30T06:57:42","slug":"merio-le-naturaliste-aux-origines-oubliees","status":"publish","type":"post","link":"https:\/\/histoiredebrique.fr\/?p=945","title":{"rendered":"Merio, le naturaliste aux origines oubli\u00e9es"},"content":{"rendered":"\n<p class=\"wp-block-paragraph\">\u00c0 travers les d\u00e9serts, les montagnes et les oasis de Savareen marche une silhouette que l\u2019on reconna\u00eet de tr\u00e8s loin. Drap\u00e9 dans une grande cape couleur sable, \u00e9quip\u00e9 d\u2019un b\u00e2ton d\u2019exploration et d\u2019un imposant sac rempli d\u2019instruments, d\u2019\u00e9chantillons et de curiosit\u00e9s, Merio parcourt inlassablement la plan\u00e8te \u00e0 la recherche de ses tr\u00e9sors naturels.<\/p>\n\n\n\n<figure data-wp-context=\"{&quot;imageId&quot;:&quot;6a9521642de5f&quot;}\" data-wp-interactive=\"core\/image\" data-wp-key=\"6a9521642de5f\" class=\"wp-block-image size-large wp-lightbox-container\"><img loading=\"lazy\" decoding=\"async\" width=\"769\" height=\"1024\" data-wp-class--hide=\"state.isContentHidden\" data-wp-class--show=\"state.isContentVisible\" data-wp-init=\"callbacks.setButtonStyles\" data-wp-on--click=\"actions.showLightbox\" data-wp-on--load=\"callbacks.setButtonStyles\" data-wp-on--pointerdown=\"actions.preloadImage\" data-wp-on--pointerenter=\"actions.preloadImageWithDelay\" data-wp-on--pointerleave=\"actions.cancelPreload\" data-wp-on-window--resize=\"callbacks.setButtonStyles\" src=\"https:\/\/histoiredebrique.fr\/wp-content\/uploads\/2026\/08\/1000030002-769x1024.jpeg\" alt=\"\" class=\"wp-image-946\" srcset=\"https:\/\/histoiredebrique.fr\/wp-content\/uploads\/2026\/08\/1000030002-769x1024.jpeg 769w, https:\/\/histoiredebrique.fr\/wp-content\/uploads\/2026\/08\/1000030002-225x300.jpeg 225w, https:\/\/histoiredebrique.fr\/wp-content\/uploads\/2026\/08\/1000030002-767x1022.jpeg 767w, https:\/\/histoiredebrique.fr\/wp-content\/uploads\/2026\/08\/1000030002-1153x1536.jpeg 1153w, https:\/\/histoiredebrique.fr\/wp-content\/uploads\/2026\/08\/1000030002-1538x2048.jpeg 1538w, https:\/\/histoiredebrique.fr\/wp-content\/uploads\/2026\/08\/1000030002-113x150.jpeg 113w, https:\/\/histoiredebrique.fr\/wp-content\/uploads\/2026\/08\/1000030002-scaled.jpeg 1922w\" sizes=\"auto, (max-width: 769px) 100vw, 769px\" \/><button\n\t\t\tclass=\"lightbox-trigger\"\n\t\t\ttype=\"button\"\n\t\t\taria-haspopup=\"dialog\"\n\t\t\tdata-wp-bind--aria-label=\"state.thisImage.triggerButtonAriaLabel\"\n\t\t\tdata-wp-init=\"callbacks.initTriggerButton\"\n\t\t\tdata-wp-on--click=\"actions.showLightbox\"\n\t\t\tdata-wp-style--right=\"state.thisImage.buttonRight\"\n\t\t\tdata-wp-style--top=\"state.thisImage.buttonTop\"\n\t\t>\n\t\t\t<svg xmlns=\"http:\/\/www.w3.org\/2000\/svg\" width=\"12\" height=\"12\" fill=\"none\" viewBox=\"0 0 12 12\">\n\t\t\t\t<path fill=\"#fff\" d=\"M2 0a2 2 0 0 0-2 2v2h1.5V2a.5.5 0 0 1 .5-.5h2V0H2Zm2 10.5H2a.5.5 0 0 1-.5-.5V8H0v2a2 2 0 0 0 2 2h2v-1.5ZM8 12v-1.5h2a.5.5 0 0 0 .5-.5V8H12v2a2 2 0 0 1-2 2H8Zm2-12a2 2 0 0 1 2 2v2h-1.5V2a.5.5 0 0 0-.5-.5H8V0h2Z\" \/>\n\t\t\t<\/svg>\n\t\t<\/button><\/figure>\n\n\n\n<p class=\"wp-block-paragraph\">Merio vient de Vulpter, un monde industriel marqu\u00e9 par des si\u00e8cles d\u2019exploitation intensive et par une forte pr\u00e9sence imp\u00e9riale. Il appartient \u00e0 la s\u00e9rie des dro\u00efdes de s\u00e9curit\u00e9 KX, de grandes unit\u00e9s fabriqu\u00e9es par Arakyd Industries pour assurer des missions de surveillance, de maintien de l\u2019ordre et de protection d\u2019installations sensibles.<\/p>\n\n\n\n<p class=\"wp-block-paragraph\">Son imposante stature, sa r\u00e9sistance exceptionnelle et sa force hercul\u00e9enne sont les h\u00e9ritages directs de cette conception militaire. Merio aurait donc d\u00fb passer son existence \u00e0 ob\u00e9ir aux ordres, contr\u00f4ler les populations et d\u00e9fendre les int\u00e9r\u00eats de l\u2019Empire. Pourtant, \u00e0 une \u00e9poque inconnue, quelque chose s\u2019est produit dans sa programmation : Merio s\u2019est \u00e9mancip\u00e9.<\/p>\n\n\n\n<p class=\"wp-block-paragraph\">Personne ne sait s\u2019il a \u00e9t\u00e9 reprogramm\u00e9, s\u2019il a subi une d\u00e9faillance ou s\u2019il a d\u00e9velopp\u00e9 seul une v\u00e9ritable conscience. Plus myst\u00e9rieusement encore, nul ne sait comment il a quitt\u00e9 Vulpter ni de quelle mani\u00e8re il est arriv\u00e9 sur Savareen. Le dro\u00efde refuse-t-il d\u2019en parler, ou l\u2019ignore-t-il lui-m\u00eame ? Ses r\u00e9ponses entretiennent soigneusement le myst\u00e8re :<\/p>\n\n\n\n<p class=\"wp-block-paragraph\">\u2014 <em>Je me souviens parfaitement de mon arriv\u00e9e sur Savareen. Je consid\u00e8re simplement que cette information ne vous serait d\u2019aucune utilit\u00e9.<\/em><\/p>\n\n\n\n<p class=\"wp-block-paragraph\">Depuis, le dro\u00efde explore les r\u00e9gions les plus recul\u00e9es de la plan\u00e8te. Il observe les animaux m\u00e9connus, r\u00e9pertorie les plantes capables de survivre dans les sols les plus arides et collecte des fragments de roche ou de cristaux destin\u00e9s aux \u00e9coles et aux chercheurs d\u2019Eibon. Son sac \u00e0 dos est devenu un v\u00e9ritable laboratoire ambulant, m\u00eame si son organisation para\u00eet parfois relever d\u2019une logique que lui seul comprend.<\/p>\n\n\n\n<figure data-wp-context=\"{&quot;imageId&quot;:&quot;6a9521642e3f9&quot;}\" data-wp-interactive=\"core\/image\" data-wp-key=\"6a9521642e3f9\" class=\"wp-block-image size-large wp-lightbox-container\"><img loading=\"lazy\" decoding=\"async\" width=\"769\" height=\"1024\" data-wp-class--hide=\"state.isContentHidden\" data-wp-class--show=\"state.isContentVisible\" data-wp-init=\"callbacks.setButtonStyles\" data-wp-on--click=\"actions.showLightbox\" data-wp-on--load=\"callbacks.setButtonStyles\" data-wp-on--pointerdown=\"actions.preloadImage\" data-wp-on--pointerenter=\"actions.preloadImageWithDelay\" data-wp-on--pointerleave=\"actions.cancelPreload\" data-wp-on-window--resize=\"callbacks.setButtonStyles\" src=\"https:\/\/histoiredebrique.fr\/wp-content\/uploads\/2026\/08\/1000030004-769x1024.jpeg\" alt=\"\" class=\"wp-image-947\" srcset=\"https:\/\/histoiredebrique.fr\/wp-content\/uploads\/2026\/08\/1000030004-769x1024.jpeg 769w, https:\/\/histoiredebrique.fr\/wp-content\/uploads\/2026\/08\/1000030004-225x300.jpeg 225w, https:\/\/histoiredebrique.fr\/wp-content\/uploads\/2026\/08\/1000030004-767x1022.jpeg 767w, https:\/\/histoiredebrique.fr\/wp-content\/uploads\/2026\/08\/1000030004-1153x1536.jpeg 1153w, https:\/\/histoiredebrique.fr\/wp-content\/uploads\/2026\/08\/1000030004-1538x2048.jpeg 1538w, https:\/\/histoiredebrique.fr\/wp-content\/uploads\/2026\/08\/1000030004-113x150.jpeg 113w, https:\/\/histoiredebrique.fr\/wp-content\/uploads\/2026\/08\/1000030004-scaled.jpeg 1922w\" sizes=\"auto, (max-width: 769px) 100vw, 769px\" \/><button\n\t\t\tclass=\"lightbox-trigger\"\n\t\t\ttype=\"button\"\n\t\t\taria-haspopup=\"dialog\"\n\t\t\tdata-wp-bind--aria-label=\"state.thisImage.triggerButtonAriaLabel\"\n\t\t\tdata-wp-init=\"callbacks.initTriggerButton\"\n\t\t\tdata-wp-on--click=\"actions.showLightbox\"\n\t\t\tdata-wp-style--right=\"state.thisImage.buttonRight\"\n\t\t\tdata-wp-style--top=\"state.thisImage.buttonTop\"\n\t\t>\n\t\t\t<svg xmlns=\"http:\/\/www.w3.org\/2000\/svg\" width=\"12\" height=\"12\" fill=\"none\" viewBox=\"0 0 12 12\">\n\t\t\t\t<path fill=\"#fff\" d=\"M2 0a2 2 0 0 0-2 2v2h1.5V2a.5.5 0 0 1 .5-.5h2V0H2Zm2 10.5H2a.5.5 0 0 1-.5-.5V8H0v2a2 2 0 0 0 2 2h2v-1.5ZM8 12v-1.5h2a.5.5 0 0 0 .5-.5V8H12v2a2 2 0 0 1-2 2H8Zm2-12a2 2 0 0 1 2 2v2h-1.5V2a.5.5 0 0 0-.5-.5H8V0h2Z\" \/>\n\t\t\t<\/svg>\n\t\t<\/button><\/figure>\n\n\n\n<p class=\"wp-block-paragraph\">Merio intervient r\u00e9guli\u00e8rement dans les classes d\u2019enseignement d\u2019Eibon. Les enfants appr\u00e9cient particuli\u00e8rement ses r\u00e9cits d\u2019exp\u00e9dition, ses d\u00e9monstrations et son humour pince-sans-rire. Il leur apprend \u00e0 observer avant de toucher, \u00e0 comprendre avant de juger et, surtout, \u00e0 respecter chaque forme de vie, m\u00eame la plus \u00e9trange.<\/p>\n\n\n\n<p class=\"wp-block-paragraph\">\u2014 <em>Cette cr\u00e9ature n\u2019est pas dangereuse. En revanche, continuer \u00e0 lui tirer la queue constitue une excellente m\u00e9thode pour modifier cette donn\u00e9e.<\/em><\/p>\n\n\n\n<p class=\"wp-block-paragraph\">D\u2019un naturel profond\u00e9ment philosophe, Merio consid\u00e8re que la connaissance est la premi\u00e8re \u00e9tape vers la protection du vivant. Il se montre toujours gentil et serviable, pr\u00eat \u00e0 secourir un voyageur, transporter du mat\u00e9riel ou d\u00e9gager un v\u00e9hicule enlis\u00e9. Sa force hercul\u00e9enne d\u00e9courage d\u2019ailleurs les rares individus tent\u00e9s d\u2019abuser de sa bienveillance.<\/p>\n\n\n\n<p class=\"wp-block-paragraph\">Aujourd\u2019hui, Merio appartient pleinement au paysage de Savareen. Naturaliste, explorateur et passeur de savoir, il veille discr\u00e8tement sur les merveilles de la plan\u00e8te tout en poursuivant une qu\u00eate plus intime : comprendre le vivant\u2026 et peut-\u00eatre retrouver un jour la v\u00e9rit\u00e9 sur sa propre libert\u00e9.<\/p>\n\n\n\n<p class=\"wp-block-paragraph\"><\/p>\n","protected":false},"excerpt":{"rendered":"<p>Naturaliste itin\u00e9rant au pass\u00e9 myst\u00e9rieux, Merio parcourt Savareen pour en \u00e9tudier les merveilles et transmettre aux enfants d\u2019Eibon un savoir aussi vaste que son humour est sec. Alexandre CSUTOROS<\/p>\n<p> <a class=\"continue-reading-link\" href=\"https:\/\/histoiredebrique.fr\/?p=945\"><span>Lire la suite&#8230;<\/span><i class=\"crycon-right-dir\"><\/i><\/a> <\/p>\n","protected":false},"author":1,"featured_media":946,"comment_status":"closed","ping_status":"closed","sticky":false,"template":"","format":"standard","meta":{"footnotes":""},"categories":[132],"tags":[171],"class_list":["post-945","post","type-post","status-publish","format-standard","has-post-thumbnail","hentry","category-droide","tag-merio"],"_links":{"self":[{"href":"https:\/\/histoiredebrique.fr\/index.php?rest_route=\/wp\/v2\/posts\/945","targetHints":{"allow":["GET"]}}],"collection":[{"href":"https:\/\/histoiredebrique.fr\/index.php?rest_route=\/wp\/v2\/posts"}],"about":[{"href":"https:\/\/histoiredebrique.fr\/index.php?rest_route=\/wp\/v2\/types\/post"}],"author":[{"embeddable":true,"href":"https:\/\/histoiredebrique.fr\/index.php?rest_route=\/wp\/v2\/users\/1"}],"replies":[{"embeddable":true,"href":"https:\/\/histoiredebrique.fr\/index.php?rest_route=%2Fwp%2Fv2%2Fcomments&post=945"}],"version-history":[{"count":1,"href":"https:\/\/histoiredebrique.fr\/index.php?rest_route=\/wp\/v2\/posts\/945\/revisions"}],"predecessor-version":[{"id":948,"href":"https:\/\/histoiredebrique.fr\/index.php?rest_route=\/wp\/v2\/posts\/945\/revisions\/948"}],"wp:featuredmedia":[{"embeddable":true,"href":"https:\/\/histoiredebrique.fr\/index.php?rest_route=\/wp\/v2\/media\/946"}],"wp:attachment":[{"href":"https:\/\/histoiredebrique.fr\/index.php?rest_route=%2Fwp%2Fv2%2Fmedia&parent=945"}],"wp:term":[{"taxonomy":"category","embeddable":true,"href":"https:\/\/histoiredebrique.fr\/index.php?rest_route=%2Fwp%2Fv2%2Fcategories&post=945"},{"taxonomy":"post_tag","embeddable":true,"href":"https:\/\/histoiredebrique.fr\/index.php?rest_route=%2Fwp%2Fv2%2Ftags&post=945"}],"curies":[{"name":"wp","href":"https:\/\/api.w.org\/{rel}","templated":true}]}}